{"id":10340,"date":"2018-04-18T11:18:03","date_gmt":"2018-04-18T16:18:03","guid":{"rendered":"http:\/\/www.dhnet.org.mx\/archivo\/?p=10340"},"modified":"2018-04-18T11:18:03","modified_gmt":"2018-04-18T16:18:03","slug":"panel-acoso-laboral-y-sexual-contra-las-mujeres","status":"publish","type":"post","link":"https:\/\/www.dhnet.org.mx\/archivo\/panel-acoso-laboral-y-sexual-contra-las-mujeres\/","title":{"rendered":"Panel: Acoso laboral y sexual contra las mujeres"},"content":{"rendered":"<p>Objetivo. Dar a conocer el diagn\u00f3stico sobre acoso laboral y sexual en Chihuahua as\u00ed como las acciones que se han emprendido para su atenci\u00f3n, prevenci\u00f3n y sanci\u00f3n.<\/p>\n<p>&#8211; Marcela Eternod<br \/>\nEncargada del Instituto Nacional de las Mujeres.<\/p>\n<p>&#8211; Lic. Ana Herrera Lazos<br \/>\nSecretaria de Trabajo y Previsi\u00f3n Social. <\/p>\n<p>&#8211; Isela Lozoya<br \/>\nCoordinadora General de Instituto Chihuahuense de la Mujer.<\/p>\n<p>Moderadora: Mtra. Elvira Urrutia<br \/>\nCohesi\u00f3n Social y Participaci\u00f3n Ciudadana<br \/>\nSubsecretaria de Desarrollo Social del Gobierno de Estado.<\/p>\n<p>Temas:<br \/>\n\u2022 Diagn\u00f3stico del acoso sexual, laboral y sexual contra las mujeres en Chihuahua.<br \/>\n\u2022 Acciones para atender y prevenir el acoso sexual y laboral contras las mujeres.<br \/>\n\u2022 Retos<\/p>\n<p><iframe title=\"Panel: Acoso laboral y sexual contra las mujeres\" width=\"800\" height=\"450\" src=\"https:\/\/www.youtube.com\/embed\/XnmLHm0TMuQ?feature=oembed\" frameborder=\"0\" allow=\"accelerometer; autoplay; clipboard-write; encrypted-media; gyroscope; picture-in-picture; web-share\" referrerpolicy=\"strict-origin-when-cross-origin\" allowfullscreen><\/iframe><\/p>\n","protected":false},"excerpt":{"rendered":"<p>Objetivo. Dar a conocer el diagn\u00f3stico sobre acoso laboral y sexual en Chihuahua as\u00ed como las acciones que se han emprendido para su atenci\u00f3n, prevenci\u00f3n y sanci\u00f3n. &#8211; Marcela Eternod Encargada del Instituto Nacional de las Mujeres. &#8211; Lic. Ana Herrera Lazos Secretaria de Trabajo y Previsi\u00f3n Social. &#8211; Isela Lozoya Coordinadora General de Instituto [&hellip;]<\/p>\n","protected":false},"author":5,"featured_media":10341,"comment_status":"closed","ping_status":"closed","sticky":false,"template":"","format":"video","meta":{"footnotes":""},"categories":[878],"tags":[28,797,146,762],"class_list":["post-10340","post","type-post","status-publish","format-video","has-post-thumbnail","hentry","category-derechos-humanos","tag-cndh","tag-derechos-humanos","tag-derechos-humanos-de-las-mujeres","tag-foro","post_format-post-format-video"],"_links":{"self":[{"href":"https:\/\/www.dhnet.org.mx\/archivo\/wp-json\/wp\/v2\/posts\/10340","targetHints":{"allow":["GET"]}}],"collection":[{"href":"https:\/\/www.dhnet.org.mx\/archivo\/wp-json\/wp\/v2\/posts"}],"about":[{"href":"https:\/\/www.dhnet.org.mx\/archivo\/wp-json\/wp\/v2\/types\/post"}],"author":[{"embeddable":true,"href":"https:\/\/www.dhnet.org.mx\/archivo\/wp-json\/wp\/v2\/users\/5"}],"replies":[{"embeddable":true,"href":"https:\/\/www.dhnet.org.mx\/archivo\/wp-json\/wp\/v2\/comments?post=10340"}],"version-history":[{"count":1,"href":"https:\/\/www.dhnet.org.mx\/archivo\/wp-json\/wp\/v2\/posts\/10340\/revisions"}],"predecessor-version":[{"id":10342,"href":"https:\/\/www.dhnet.org.mx\/archivo\/wp-json\/wp\/v2\/posts\/10340\/revisions\/10342"}],"wp:featuredmedia":[{"embeddable":true,"href":"https:\/\/www.dhnet.org.mx\/archivo\/wp-json\/wp\/v2\/media\/10341"}],"wp:attachment":[{"href":"https:\/\/www.dhnet.org.mx\/archivo\/wp-json\/wp\/v2\/media?parent=10340"}],"wp:term":[{"taxonomy":"category","embeddable":true,"href":"https:\/\/www.dhnet.org.mx\/archivo\/wp-json\/wp\/v2\/categories?post=10340"},{"taxonomy":"post_tag","embeddable":true,"href":"https:\/\/www.dhnet.org.mx\/archivo\/wp-json\/wp\/v2\/tags?post=10340"}],"curies":[{"name":"wp","href":"https:\/\/api.w.org\/{rel}","templated":true}]}}